{"id":4082,"date":"2019-05-02T13:02:39","date_gmt":"2019-05-02T11:02:39","guid":{"rendered":"https:\/\/www.unios.hr\/kvaliteta\/?p=4082"},"modified":"2019-05-02T13:02:39","modified_gmt":"2019-05-02T11:02:39","slug":"tjedan-karijera-sveucilista-u-osijeku","status":"publish","type":"post","link":"https:\/\/www.unios.hr\/kvaliteta\/tjedan-karijera-sveucilista-u-osijeku\/","title":{"rendered":"Tjedan karijera Sveu\u010dili\u0161ta u Osijeku"},"content":{"rendered":"<p style=\"text-align: justify\">Sveu\u010dili\u0161te u Osijeku u razdoblju <strong>13.-17. svibnja 2019.<\/strong> organizira po prvi puta\u00a0<strong>Tjedan karijera Sveu\u010dili\u0161ta u Osijeku<\/strong>\u00a0s ciljem razvoja karijere na\u0161ih studenata, ali i njihovog povezivanja s poslovnim sektorom. Tjedan \u0107e obuhvatiti niz aktivnosti, radionica, okruglih stolova, tribina, speed-dating aktivnosti i predavanja namijenjenih studentima, u suorganizaciji svih znanstveno-nastavnih i umjetni\u010dko-nastavnih sastavnica na\u0161ega Sveu\u010dili\u0161ta.<\/p>\n<p style=\"text-align: justify\">Sredi\u0161nja doga\u0111anja su:<\/p>\n<ul>\n<li><strong>Otvorenje Tjedna karijera i uvodna motivacijska tribina (Robert Seligman), Aula Rektorata, 13. svibnja 2019. (ponedjeljak) u 10:00 sati<\/strong><\/li>\n<li style=\"text-align: justify\"><strong>Sredi\u0161nja motivacijska tribina (Ivan Me\u0161trovi\u0107), Fakultet agrobiotehni\u010dkih znanosti, Aula magna, 15. svibnja 2019. (srijeda) u 12:00 sati<\/strong><\/li>\n<li style=\"text-align: justify\"><strong>Karijerni korzo <\/strong>koji \u0107e se odr\u017eati<strong> 15. svibnja 2019. (srijeda) u vremenu od 10:00 \u2013 14:00 sati<\/strong> na \u0161etnici ispred <strong>Novog studentskog doma (Ulica kralja Petra Sva\u010di\u0107a)<\/strong>, na kojem \u0107e se, uz \u0161tandove potencijalnih poslodavaca, na\u0107i i niz popratnih sadr\u017eaja zanimljivih studentima, ali i \u0161iroj javnosti. Na Karijernom korzu \u0107e se ove godine imati priliku predstaviti 30-ak uspje\u0161nih tvrtki koji ostvaruju suradnju s na\u0161im Sveu\u010dili\u0161tem.<\/li>\n<\/ul>\n<p>&nbsp;<\/p>\n<div class=\"video-shortcode\">\n<div data-url=\"https:\/\/issuu.com\/dtrampus\/docs\/letak-tjedan_karijera_final\/1\" style=\"width: 1280px; height: 160px;\" class=\"issuuembed\"><\/div>\n<p><script type=\"text\/javascript\" src=\"\/\/e.issuu.com\/embed.js\" async=\"true\"><\/script><\/div>\n","protected":false},"excerpt":{"rendered":"<p>Sveu\u010dili\u0161te u Osijeku u razdoblju 13.-17. svibnja 2019. organizira po prvi puta\u00a0Tjedan karijera Sveu\u010dili\u0161ta u Osijeku\u00a0s ciljem razvoja karijere na\u0161ih studenata, ali i njihovog povezivanja s poslovnim sektorom. Tjedan \u0107e obuhvatiti niz aktivnosti, radionica, okruglih stolova, tribina, speed-dating aktivnosti i predavanja namijenjenih studentima, u suorganizaciji svih znanstveno-nastavnih i umjetni\u010dko-nastavnih sastavnica na\u0161ega Sveu\u010dili\u0161ta. Sredi\u0161nja doga\u0111anja su: Otvorenje Tjedna karijera i uvodna motivacijska tribina (Robert Seligman), Aula Rektorata, 13. svibnja 2019. (ponedjeljak) u 10:00 sati Sredi\u0161nja motivacijska tribina (Ivan Me\u0161trovi\u0107), Fakultet agrobiotehni\u010dkih znanosti, Aula magna, 15. svibnja 2019. (srijeda) u 12:00 sati Karijerni korzo koji \u0107e se odr\u017eati 15. svibnja 2019. (srijeda) [&hellip;]<\/p>\n","protected":false},"author":9,"featured_media":4083,"comment_status":"closed","ping_status":"closed","sticky":false,"template":"","format":"standard","meta":{"_monsterinsights_skip_tracking":false,"_monsterinsights_sitenote_active":false,"_monsterinsights_sitenote_note":"","_monsterinsights_sitenote_category":0,"ngg_post_thumbnail":0,"footnotes":"","_links_to":"","_links_to_target":""},"categories":[18],"tags":[],"coauthors":[95],"class_list":["post-4082","post","type-post","status-publish","format-standard","has-post-thumbnail","hentry","category-vijesti-i-dogadanja"],"publishpress_future_action":{"enabled":false,"date":"2026-05-08 04:43:18","action":"change-status","newStatus":"draft","terms":[],"taxonomy":"category","extraData":[]},"publishpress_future_workflow_manual_trigger":{"enabledWorkflows":[]},"_links":{"self":[{"href":"https:\/\/www.unios.hr\/kvaliteta\/wp-json\/wp\/v2\/posts\/4082","targetHints":{"allow":["GET"]}}],"collection":[{"href":"https:\/\/www.unios.hr\/kvaliteta\/wp-json\/wp\/v2\/posts"}],"about":[{"href":"https:\/\/www.unios.hr\/kvaliteta\/wp-json\/wp\/v2\/types\/post"}],"author":[{"embeddable":true,"href":"https:\/\/www.unios.hr\/kvaliteta\/wp-json\/wp\/v2\/users\/9"}],"replies":[{"embeddable":true,"href":"https:\/\/www.unios.hr\/kvaliteta\/wp-json\/wp\/v2\/comments?post=4082"}],"version-history":[{"count":0,"href":"https:\/\/www.unios.hr\/kvaliteta\/wp-json\/wp\/v2\/posts\/4082\/revisions"}],"wp:featuredmedia":[{"embeddable":true,"href":"https:\/\/www.unios.hr\/kvaliteta\/wp-json\/wp\/v2\/media\/4083"}],"wp:attachment":[{"href":"https:\/\/www.unios.hr\/kvaliteta\/wp-json\/wp\/v2\/media?parent=4082"}],"wp:term":[{"taxonomy":"category","embeddable":true,"href":"https:\/\/www.unios.hr\/kvaliteta\/wp-json\/wp\/v2\/categories?post=4082"},{"taxonomy":"post_tag","embeddable":true,"href":"https:\/\/www.unios.hr\/kvaliteta\/wp-json\/wp\/v2\/tags?post=4082"},{"taxonomy":"author","embeddable":true,"href":"https:\/\/www.unios.hr\/kvaliteta\/wp-json\/wp\/v2\/coauthors?post=4082"}],"curies":[{"name":"wp","href":"https:\/\/api.w.org\/{rel}","templated":true}]}}