{"id":4766,"date":"2020-02-04T10:22:12","date_gmt":"2020-02-04T09:22:12","guid":{"rendered":"https:\/\/www.unios.hr\/kvaliteta\/?p=4766"},"modified":"2020-03-03T12:05:17","modified_gmt":"2020-03-03T11:05:17","slug":"radionica-milenijski-studenti","status":"publish","type":"post","link":"https:\/\/www.unios.hr\/kvaliteta\/radionica-milenijski-studenti\/","title":{"rendered":"Radionica Milenijski studenti"},"content":{"rendered":"<p style=\"margin: 0in 0in 0.0001pt; background: white none repeat scroll 0% 0%; text-align: justify;\"><span style=\"font-size: 12.0pt; font-family: 'Arial',sans-serif; color: #191919;\">U\u00a0ponedjeljak 27. sije\u010dnja 2020. godine na Filozofskom fakultetu Sveu\u010dili\u0161ta u Zagrebu u sklopu ciklusa Karijeriranje odr\u017eana je radionica Milenijski studenti. Na radionici je sudjelovala karijerna savjetnica Vi\u0161nja Sak Bosnar, djelatnica na\u0161eg Centra.<\/span><\/p>\n<p style=\"margin: 0in 0in 0.0001pt; background: white none repeat scroll 0% 0%; text-align: justify;\"><span style=\"font-size: 12.0pt; font-family: 'Arial',sans-serif; color: #191919;\">Radionicu je odr\u017eala prof. dr. sc. Nata\u0161a Joki\u0107 Begi\u0107, a obuhvatila je sljede\u0107e teme: Karakteristike novih generacija; Generacijske razlike \u2013 stvarnost ili mit?, Govorite li njihov jezik?, Milenijalci kao studenti, Izazovi u pou\u010davanju milenijalaca, Milenijalci na tr\u017ei\u0161tu rada.<\/span><\/p>\n","protected":false},"excerpt":{"rendered":"<p>U\u00a0ponedjeljak 27. sije\u010dnja 2020. godine na Filozofskom fakultetu Sveu\u010dili\u0161ta u Zagrebu u sklopu ciklusa Karijeriranje odr\u017eana je radionica Milenijski studenti. Na radionici je sudjelovala karijerna savjetnica Vi\u0161nja Sak Bosnar, djelatnica na\u0161eg Centra. Radionicu je odr\u017eala prof. dr. sc. Nata\u0161a Joki\u0107 Begi\u0107, a obuhvatila je sljede\u0107e teme: Karakteristike novih generacija; Generacijske razlike \u2013 stvarnost ili mit?, Govorite li njihov jezik?, Milenijalci kao studenti, Izazovi u pou\u010davanju milenijalaca, Milenijalci na tr\u017ei\u0161tu rada.<\/p>\n","protected":false},"author":9,"featured_media":4767,"comment_status":"closed","ping_status":"closed","sticky":false,"template":"","format":"standard","meta":{"_monsterinsights_skip_tracking":false,"_monsterinsights_sitenote_active":false,"_monsterinsights_sitenote_note":"","_monsterinsights_sitenote_category":0,"ngg_post_thumbnail":0,"footnotes":"","_links_to":"","_links_to_target":""},"categories":[2,26,18],"tags":[],"coauthors":[95],"class_list":["post-4766","post","type-post","status-publish","format-standard","has-post-thumbnail","hentry","category-radionice","category-radionice-savjetovanja","category-vijesti-i-dogadanja"],"publishpress_future_action":{"enabled":false,"date":"2026-05-07 20:33:49","action":"change-status","newStatus":"draft","terms":[],"taxonomy":"category","extraData":[]},"publishpress_future_workflow_manual_trigger":{"enabledWorkflows":[]},"_links":{"self":[{"href":"https:\/\/www.unios.hr\/kvaliteta\/wp-json\/wp\/v2\/posts\/4766","targetHints":{"allow":["GET"]}}],"collection":[{"href":"https:\/\/www.unios.hr\/kvaliteta\/wp-json\/wp\/v2\/posts"}],"about":[{"href":"https:\/\/www.unios.hr\/kvaliteta\/wp-json\/wp\/v2\/types\/post"}],"author":[{"embeddable":true,"href":"https:\/\/www.unios.hr\/kvaliteta\/wp-json\/wp\/v2\/users\/9"}],"replies":[{"embeddable":true,"href":"https:\/\/www.unios.hr\/kvaliteta\/wp-json\/wp\/v2\/comments?post=4766"}],"version-history":[{"count":1,"href":"https:\/\/www.unios.hr\/kvaliteta\/wp-json\/wp\/v2\/posts\/4766\/revisions"}],"predecessor-version":[{"id":4841,"href":"https:\/\/www.unios.hr\/kvaliteta\/wp-json\/wp\/v2\/posts\/4766\/revisions\/4841"}],"wp:featuredmedia":[{"embeddable":true,"href":"https:\/\/www.unios.hr\/kvaliteta\/wp-json\/wp\/v2\/media\/4767"}],"wp:attachment":[{"href":"https:\/\/www.unios.hr\/kvaliteta\/wp-json\/wp\/v2\/media?parent=4766"}],"wp:term":[{"taxonomy":"category","embeddable":true,"href":"https:\/\/www.unios.hr\/kvaliteta\/wp-json\/wp\/v2\/categories?post=4766"},{"taxonomy":"post_tag","embeddable":true,"href":"https:\/\/www.unios.hr\/kvaliteta\/wp-json\/wp\/v2\/tags?post=4766"},{"taxonomy":"author","embeddable":true,"href":"https:\/\/www.unios.hr\/kvaliteta\/wp-json\/wp\/v2\/coauthors?post=4766"}],"curies":[{"name":"wp","href":"https:\/\/api.w.org\/{rel}","templated":true}]}}