{"id":4939,"date":"2020-03-02T13:03:43","date_gmt":"2020-03-02T12:03:43","guid":{"rendered":"https:\/\/www.unios.hr\/kvaliteta\/?p=4939"},"modified":"2020-03-02T13:03:43","modified_gmt":"2020-03-02T12:03:43","slug":"iii-sastanak-koordinacijskog-tima","status":"publish","type":"post","link":"https:\/\/www.unios.hr\/kvaliteta\/iii-sastanak-koordinacijskog-tima\/","title":{"rendered":"III. sastanak Koordinacijskog tima"},"content":{"rendered":"<p style=\"text-align: justify\">Dana 2. o\u017eujka 2020. godine u prostorijama Centra za kvalitetu odr\u017ean je tre\u0107i sastanak Koordinacijskog tima povodom daljnjih dogovora i definiranja aktivnosti za 2. Sveu\u010dili\u0161ni tjedan karijera. Na sastanku se, izme\u0111u ostalog, razgovaralo o aktivnostima koje sastavnice Sveu\u010dili\u0161ta u Osijeku namjeravaju realizirati tijekom Sveu\u010dili\u0161nog tjedna karijera koji \u0107e se odr\u017eati u razdoblju od 4. do 8. svibnja 2020. godine na Sveu\u010dili\u0161tu.<\/p>\n","protected":false},"excerpt":{"rendered":"<p>Dana 2. o\u017eujka 2020. godine u prostorijama Centra za kvalitetu odr\u017ean je tre\u0107i sastanak Koordinacijskog tima povodom daljnjih dogovora i definiranja aktivnosti za 2. Sveu\u010dili\u0161ni tjedan karijera. Na sastanku se, izme\u0111u ostalog, razgovaralo o aktivnostima koje sastavnice Sveu\u010dili\u0161ta u Osijeku namjeravaju realizirati tijekom Sveu\u010dili\u0161nog tjedna karijera koji \u0107e se odr\u017eati u razdoblju od 4. do 8. svibnja 2020. godine na Sveu\u010dili\u0161tu.<\/p>\n","protected":false},"author":9,"featured_media":4940,"comment_status":"closed","ping_status":"closed","sticky":false,"template":"","format":"standard","meta":{"_monsterinsights_skip_tracking":false,"_monsterinsights_sitenote_active":false,"_monsterinsights_sitenote_note":"","_monsterinsights_sitenote_category":0,"ngg_post_thumbnail":0,"footnotes":"","_links_to":"","_links_to_target":""},"categories":[18],"tags":[],"coauthors":[95],"class_list":["post-4939","post","type-post","status-publish","format-standard","has-post-thumbnail","hentry","category-vijesti-i-dogadanja"],"publishpress_future_action":{"enabled":false,"date":"2026-05-07 19:16:06","action":"change-status","newStatus":"draft","terms":[],"taxonomy":"category","extraData":[]},"publishpress_future_workflow_manual_trigger":{"enabledWorkflows":[]},"_links":{"self":[{"href":"https:\/\/www.unios.hr\/kvaliteta\/wp-json\/wp\/v2\/posts\/4939","targetHints":{"allow":["GET"]}}],"collection":[{"href":"https:\/\/www.unios.hr\/kvaliteta\/wp-json\/wp\/v2\/posts"}],"about":[{"href":"https:\/\/www.unios.hr\/kvaliteta\/wp-json\/wp\/v2\/types\/post"}],"author":[{"embeddable":true,"href":"https:\/\/www.unios.hr\/kvaliteta\/wp-json\/wp\/v2\/users\/9"}],"replies":[{"embeddable":true,"href":"https:\/\/www.unios.hr\/kvaliteta\/wp-json\/wp\/v2\/comments?post=4939"}],"version-history":[{"count":0,"href":"https:\/\/www.unios.hr\/kvaliteta\/wp-json\/wp\/v2\/posts\/4939\/revisions"}],"wp:featuredmedia":[{"embeddable":true,"href":"https:\/\/www.unios.hr\/kvaliteta\/wp-json\/wp\/v2\/media\/4940"}],"wp:attachment":[{"href":"https:\/\/www.unios.hr\/kvaliteta\/wp-json\/wp\/v2\/media?parent=4939"}],"wp:term":[{"taxonomy":"category","embeddable":true,"href":"https:\/\/www.unios.hr\/kvaliteta\/wp-json\/wp\/v2\/categories?post=4939"},{"taxonomy":"post_tag","embeddable":true,"href":"https:\/\/www.unios.hr\/kvaliteta\/wp-json\/wp\/v2\/tags?post=4939"},{"taxonomy":"author","embeddable":true,"href":"https:\/\/www.unios.hr\/kvaliteta\/wp-json\/wp\/v2\/coauthors?post=4939"}],"curies":[{"name":"wp","href":"https:\/\/api.w.org\/{rel}","templated":true}]}}