{"id":5950,"date":"2021-11-19T10:59:23","date_gmt":"2021-11-19T09:59:23","guid":{"rendered":"https:\/\/www.unios.hr\/kvaliteta\/?p=5950"},"modified":"2021-11-19T10:59:23","modified_gmt":"2021-11-19T09:59:23","slug":"odrzan-europski-forum-o-kvaliteti-eqaf-2021","status":"publish","type":"post","link":"https:\/\/www.unios.hr\/kvaliteta\/odrzan-europski-forum-o-kvaliteti-eqaf-2021\/","title":{"rendered":"Odr\u017ean Europski forum o kvaliteti \u2013 EQAF 2021."},"content":{"rendered":"<p style=\"text-align: justify\">U razdoblju od 18. do 19. studenoga 2021. godine, odr\u017ean je online Europski forum o kvaliteti (EQAF) na temu &#8221;Building trust and enhancement: from information to evidence&#8221;.<br \/>\nForum je organiziran od strane EUA &#8211; European University Association (Europska udruga sveu\u010dili\u0161ta) u \u010dijem je sastavu i Sveu\u010dili\u0161te Josipa Jurja Strossmayera u Osijeku.<br \/>\nEQAF je kombinirao online sesije u kojima se diskutiralo o europskim politikama i trendovima, istra\u017eivanjima i prakti\u010dnim primjerima vezanim uz temu Foruma i op\u0107enito o trenuta\u010dnom razvoju osiguranja kvalitete.<br \/>\nForum je sadr\u017eavao sesije u vi\u0161e formata s bogatom paletom govornika te je svim sudionicima pru\u017eio mogu\u0107nost za umre\u017eavanje i razmjenu mi\u0161ljenja o aktualnim kretanjima u osiguranju kvalitete.<\/p>\n","protected":false},"excerpt":{"rendered":"<p>U razdoblju od 18. do 19. studenoga 2021. godine, odr\u017ean je online Europski forum o kvaliteti (EQAF) na temu &#8221;Building trust and enhancement: from information to evidence&#8221;. Forum je organiziran od strane EUA &#8211; European University Association (Europska udruga sveu\u010dili\u0161ta) u \u010dijem je sastavu i Sveu\u010dili\u0161te Josipa Jurja Strossmayera u Osijeku. EQAF je kombinirao online sesije u kojima se diskutiralo o europskim politikama i trendovima, istra\u017eivanjima i prakti\u010dnim primjerima vezanim uz temu Foruma i op\u0107enito o trenuta\u010dnom razvoju osiguranja kvalitete. Forum je sadr\u017eavao sesije u vi\u0161e formata s bogatom paletom govornika te je svim sudionicima pru\u017eio mogu\u0107nost za umre\u017eavanje i [&hellip;]<\/p>\n","protected":false},"author":9,"featured_media":5948,"comment_status":"closed","ping_status":"closed","sticky":false,"template":"","format":"standard","meta":{"_monsterinsights_skip_tracking":false,"_monsterinsights_sitenote_active":false,"_monsterinsights_sitenote_note":"","_monsterinsights_sitenote_category":0,"ngg_post_thumbnail":0,"footnotes":"","_links_to":"","_links_to_target":""},"categories":[27,18],"tags":[],"coauthors":[95],"class_list":["post-5950","post","type-post","status-publish","format-standard","has-post-thumbnail","hentry","category-razno","category-vijesti-i-dogadanja"],"publishpress_future_action":{"enabled":false,"date":"2026-05-07 21:29:47","action":"change-status","newStatus":"draft","terms":[],"taxonomy":"category","extraData":[]},"publishpress_future_workflow_manual_trigger":{"enabledWorkflows":[]},"_links":{"self":[{"href":"https:\/\/www.unios.hr\/kvaliteta\/wp-json\/wp\/v2\/posts\/5950","targetHints":{"allow":["GET"]}}],"collection":[{"href":"https:\/\/www.unios.hr\/kvaliteta\/wp-json\/wp\/v2\/posts"}],"about":[{"href":"https:\/\/www.unios.hr\/kvaliteta\/wp-json\/wp\/v2\/types\/post"}],"author":[{"embeddable":true,"href":"https:\/\/www.unios.hr\/kvaliteta\/wp-json\/wp\/v2\/users\/9"}],"replies":[{"embeddable":true,"href":"https:\/\/www.unios.hr\/kvaliteta\/wp-json\/wp\/v2\/comments?post=5950"}],"version-history":[{"count":0,"href":"https:\/\/www.unios.hr\/kvaliteta\/wp-json\/wp\/v2\/posts\/5950\/revisions"}],"wp:featuredmedia":[{"embeddable":true,"href":"https:\/\/www.unios.hr\/kvaliteta\/wp-json\/wp\/v2\/media\/5948"}],"wp:attachment":[{"href":"https:\/\/www.unios.hr\/kvaliteta\/wp-json\/wp\/v2\/media?parent=5950"}],"wp:term":[{"taxonomy":"category","embeddable":true,"href":"https:\/\/www.unios.hr\/kvaliteta\/wp-json\/wp\/v2\/categories?post=5950"},{"taxonomy":"post_tag","embeddable":true,"href":"https:\/\/www.unios.hr\/kvaliteta\/wp-json\/wp\/v2\/tags?post=5950"},{"taxonomy":"author","embeddable":true,"href":"https:\/\/www.unios.hr\/kvaliteta\/wp-json\/wp\/v2\/coauthors?post=5950"}],"curies":[{"name":"wp","href":"https:\/\/api.w.org\/{rel}","templated":true}]}}